{"id":291,"date":"2013-12-11T17:49:12","date_gmt":"2013-12-11T17:49:12","guid":{"rendered":"https:\/\/sinsep.com.br\/?p=291"},"modified":"2014-03-03T14:42:31","modified_gmt":"2014-03-03T14:42:31","slug":"anunciada-a-reducao-de-jornada","status":"publish","type":"post","link":"https:\/\/sinsep.com.br\/?p=291","title":{"rendered":"Anunciada a redu\u00e7\u00e3o de jornada"},"content":{"rendered":"<p><a href=\"https:\/\/sinsep.com.br\/wp-content\/uploads\/2014\/03\/16-03-201211-06-56professor_1-poster-e1393857719132.jpg\"><img fetchpriority=\"high\" decoding=\"async\" class=\"size-full wp-image-401 aligncenter\" alt=\"16-03-201211-06-56professor_1-poster\" src=\"https:\/\/sinsep.com.br\/wp-content\/uploads\/2014\/03\/16-03-201211-06-56professor_1-poster-e1393857719132.jpg\" width=\"300\" height=\"225\" \/><\/a>A Administra\u00e7\u00e3o Municipal ap\u00f3s ter anunciado na semana passada que n\u00e3o se adequaria a legisla\u00e7\u00e3o no caso da redu\u00e7\u00e3o da jornada dos professores para 2014, voltou atr\u00e1s e divulgou na edi\u00e7\u00e3o deste s\u00e1bado, dia 7 de dezembro, no jornal O Impacto, que enviou projeto \u00e0 C\u00e2mara Municipal para ser votado na pr\u00f3xima sess\u00e3o no dia 09.<\/p>\n","protected":false},"excerpt":{"rendered":"<div class=\"mh-excerpt\"><p>A Administra\u00e7\u00e3o Municipal ap\u00f3s ter anunciado na semana passada que n\u00e3o se adequaria a legisla\u00e7\u00e3o no caso da redu\u00e7\u00e3o da jornada dos professores para 2014, voltou atr\u00e1s e divulgou na <a class=\"mh-excerpt-more\" href=\"https:\/\/sinsep.com.br\/?p=291\" title=\"Anunciada a redu\u00e7\u00e3o de jornada\">[Leia mais]<\/a><\/p>\n<\/div>","protected":false},"author":1,"featured_media":0,"comment_status":"closed","ping_status":"closed","sticky":false,"template":"","format":"standard","meta":{"footnotes":""},"categories":[6],"tags":[],"class_list":["post-291","post","type-post","status-publish","format-standard","hentry","category-noticias"],"_links":{"self":[{"href":"https:\/\/sinsep.com.br\/index.php?rest_route=\/wp\/v2\/posts\/291","targetHints":{"allow":["GET"]}}],"collection":[{"href":"https:\/\/sinsep.com.br\/index.php?rest_route=\/wp\/v2\/posts"}],"about":[{"href":"https:\/\/sinsep.com.br\/index.php?rest_route=\/wp\/v2\/types\/post"}],"author":[{"embeddable":true,"href":"https:\/\/sinsep.com.br\/index.php?rest_route=\/wp\/v2\/users\/1"}],"replies":[{"embeddable":true,"href":"https:\/\/sinsep.com.br\/index.php?rest_route=%2Fwp%2Fv2%2Fcomments&post=291"}],"version-history":[{"count":2,"href":"https:\/\/sinsep.com.br\/index.php?rest_route=\/wp\/v2\/posts\/291\/revisions"}],"predecessor-version":[{"id":402,"href":"https:\/\/sinsep.com.br\/index.php?rest_route=\/wp\/v2\/posts\/291\/revisions\/402"}],"wp:attachment":[{"href":"https:\/\/sinsep.com.br\/index.php?rest_route=%2Fwp%2Fv2%2Fmedia&parent=291"}],"wp:term":[{"taxonomy":"category","embeddable":true,"href":"https:\/\/sinsep.com.br\/index.php?rest_route=%2Fwp%2Fv2%2Fcategories&post=291"},{"taxonomy":"post_tag","embeddable":true,"href":"https:\/\/sinsep.com.br\/index.php?rest_route=%2Fwp%2Fv2%2Ftags&post=291"}],"curies":[{"name":"wp","href":"https:\/\/api.w.org\/{rel}","templated":true}]}}